{"id":2574,"date":"2020-01-20T22:00:59","date_gmt":"2020-01-20T22:00:59","guid":{"rendered":"https:\/\/getbybus.com\/cs\/blog\/?p=2574"},"modified":"2025-02-12T14:09:02","modified_gmt":"2025-02-12T14:09:02","slug":"prodlouzeny-vikend-v-milane","status":"publish","type":"post","link":"https:\/\/traveling.com\/cs\/blog\/prodlouzeny-vikend-v-milane\/","title":{"rendered":"Prodlou\u017een\u00fd v\u00edkend v Mil\u00e1n\u011b"},"content":{"rendered":"<p style=\"text-align: justify;\"><span style=\"font-weight: 400;\">Hlavn\u00ed m\u011bsto m\u00f3dy v It\u00e1lii je jedn\u00edm z nejnav\u0161t\u011bvovan\u011bj\u0161\u00edch m\u011bst v t\u00e9to zemi a existuje pro to hned n\u011bkolik dobr\u00fdch d\u016fvod\u016f. Kdy\u017e si p\u0159edstav\u00edte Mil\u00e1n, prvn\u00ed, co se v\u00e1m vybav\u00ed, jsou krom\u011b drah\u00fdch m\u00f3dn\u00edch zna\u010dek a vysoce elegantn\u00edch Ital\u016f, tak\u00e9 sv\u011btozn\u00e1m\u00e1 katedr\u00e1la Duomo, typick\u00e1 italsk\u00e1 pizza, hrad Castello Sforzesco, Galerie Viktora Emanuela II. a mnoho dal\u0161\u00edch v\u011bc\u00ed, kter\u00e9 v\u00e1s v tomto \u00fachvatn\u00e9m historick\u00e9m m\u011bst\u011b doslova okouzl\u00ed. I pouh\u00e9 3 dny v tomto m\u011bst\u011b v\u00e1m budou sta\u010dit na to, abyste se rozhodli se sem je\u0161t\u011b jednou vr\u00e1tit a u\u017e\u00edt si znovu italsk\u00e9 dobrodru\u017estv\u00ed. V p\u0159\u00edpad\u011b, \u017ee m\u00e1te v bl\u00edzk\u00e9 dob\u011b v pl\u00e1nu nav\u0161t\u00edvit Mil\u00e1n, pod\u00edvejte se na na\u0161eho t\u0159\u00eddenn\u00edho pr\u016fvodce m\u011bstem!<\/span><\/p>\n<p style=\"text-align: justify;\"><span style=\"color: #ff0000;\"><b>Den 1<\/b><\/span><\/p>\n<p style=\"text-align: justify;\"><span style=\"font-weight: 400;\">Mil\u00e1n obsluhuj\u00ed celkem 3 leti\u0161t\u011b v bl\u00edzkosti: Bergamo (Olio al Serio), Linate a Malpensa. Bez ohledu na to, na kter\u00e9m leti\u0161ti p\u0159istanete, je p\u0159eprava do centra m\u011bsta snadn\u00e1. M\u016f\u017eete jet kyvadlovou autobusovou dopravou z leti\u0161t\u011b (5,00 \u20ac za j\u00edzdenku) nebo vlakem, kter\u00fdm se dostanete na hlavn\u00ed vlakov\u00e9 n\u00e1dra\u017e\u00ed (<\/span><b>Milano Centrale<\/b><span style=\"font-weight: 400;\">) le\u017e\u00edc\u00edm na n\u00e1m\u011bst\u00ed Duca d\u2019Aosta. Po p\u0159\u00edjezdu si odlo\u017ete zavazadla v ho(s)telu a za\u010dn\u011bte s prohl\u00eddkou m\u011bsta. Nejd\u0159\u00edve si prohl\u00e9dn\u011bte <\/span><b>katedr\u00e1lu Duomo<\/b><span style=\"font-weight: 400;\"> nach\u00e1zej\u00edc\u00ed se v samotn\u00e9m centru m\u011bsta. Je\u010fte metrem, linkou M1 nebo M3 a vystupte na zast\u00e1vce Duomo (pokud pojedete linkou M2, vystupte bu\u010f na zast\u00e1vce Cadorna a p\u0159estupte na M1 nebo na Centrale a p\u0159estupte na M3). <\/span><a href=\"http:\/\/mapa-metro.com\/en\/Italy\/Milan\/Milan-Metro-map.htm\"><span style=\"font-weight: 400;\">Zde se pod\u00edvejte na v\u0161echna spojen\u00ed metra a dal\u0161\u00ed m\u011bstsk\u00e9 hromadn\u00e9 dopravy<\/span><\/a><span style=\"font-weight: 400;\">.&nbsp;<\/span><\/p>\n<p style=\"text-align: justify;\"><b>POZN\u00c1MKA: <\/b><span style=\"font-weight: 400;\">U hlavn\u00edho vstupu do katedr\u00e1ly b\u00fdv\u00e1 obvykle dlouh\u00e1 fronta, ale lze se j\u00ed vyhnout t\u00edm, \u017ee nejprve nav\u0161t\u00edv\u00edte <\/span><b>Muzeum Duomo<\/b><span style=\"font-weight: 400;\">, kter\u00e9 najdete 50 metr\u016f od katedr\u00e1ly. Vstupn\u00e9 do muzea \u010din\u00ed <\/span><span style=\"font-weight: 400;\">2,00 \u20ac (do samotn\u00e9 katedr\u00e1ly je vstup zdarma). V p\u0159\u00edpad\u011b, \u017ee p\u0159esto d\u00e1te p\u0159ednost front\u011b p\u0159ed katedr\u00e1lou, ujist\u011bte se, \u017ee nem\u00e1te v ta\u0161ce \u017e\u00e1dn\u00e9 nevhodn\u00e9 p\u0159edm\u011bty, proto\u017ee se zavazadla u vstup kontroluj\u00ed.&nbsp;<\/span><\/p>\n<p style=\"text-align: justify;\"><span style=\"font-weight: 400;\">Po n\u00e1v\u0161t\u011bv\u011b mil\u00e1nsk\u00e9 nejv\u00fdznamn\u011bj\u0161\u00ed pam\u00e1tky projd\u011bte <\/span><b>Galeri\u00ed Viktora Emanuela II.<\/b><span style=\"font-weight: 400;\"> k <\/span><b>Opern\u00edmu domu La Scala. <\/b><span style=\"font-weight: 400;\">Galerie je jedn\u00edm z nejstar\u0161\u00edch obchodn\u00edch dom\u016f na sv\u011bt\u011b a je pojmenovan\u00e1 po prvn\u00edm panovn\u00edkovi sjednocen\u00e9 It\u00e1lie. Pokud si chcete prohl\u00e9dnout interi\u00e9ry budovy opery, nejd\u0159\u00edve si na webov\u00fdch str\u00e1nk\u00e1ch ov\u011b\u0159te program, abyste se vyhnuli opern\u00edm p\u0159edstaven\u00edm (pokud chcete jedno nav\u0161t\u00edvit, vstupenky si objednejte dlouho dop\u0159edu).<\/span><\/p>\n<p style=\"text-align: justify;\"><span style=\"font-weight: 400;\">Proch\u00e1zkou po ulici Giuseppe Verdiho po lev\u00e9 stran\u011b opern\u00ed budovy se dostanete do <\/span><b>\u010dtvrti Brera<\/b><span style=\"font-weight: 400;\">, ve kter\u00e9 najdete mnoho v\u00fdb\u011brov\u00fdch restaurac\u00ed, obchod\u016f se staro\u017eitnostmi a um\u011bn\u00edm, no\u010dn\u00edch klub\u016f a dokonce i st\u00e1nk\u016f v\u011b\u0161tc\u016f. Najdete zde tak\u00e9 <\/span><b>Pinacoteca di Brera, <\/b><span style=\"font-weight: 400;\">hlavn\u00ed um\u011bleckou galerii ve m\u011bst\u011b.&nbsp;<\/span><\/p>\n<p style=\"text-align: justify;\"><span style=\"font-weight: 400;\">B\u011bhem prvn\u00edho dne byste si mohli prohl\u00e9dnout tak\u00e9 hrad <\/span><b>Castello Sforzesco<\/b><span style=\"font-weight: 400;\"> le\u017e\u00edc\u00ed v bl\u00edzkosti katedr\u00e1ly Duomo, je\u017e je dnes domovem \u0159ady muze\u00ed. Vstup do hradu je zdarma, ale za vstup do muze\u00ed se plat\u00ed. Po prohl\u00eddce opus\u0165te hrad p\u0159edn\u00edm vchodem a dostanete se do <\/span><b>parku Sempione <\/b><span style=\"font-weight: 400;\">(je nejv\u011bt\u0161\u00edm parkem v Mil\u00e1n\u011b) odkud se pak p\u011b\u0161ky dostanete k <\/span><b>M\u00edrov\u00e9mu oblouku<\/b><span style=\"font-weight: 400;\">, jedn\u00e9 z nejp\u016fsobiv\u011bj\u0161\u00edch pam\u00e1tek ve m\u011bst\u011b.&nbsp;<\/span><\/p>\n<p style=\"text-align: justify;\"><b>POZN\u00c1MKA:<\/b><span style=\"font-weight: 400;\"> Ka\u017edoro\u010dn\u011b se za\u010d\u00e1tkem prosince kon\u00e1 pobl\u00ed\u017e hradu Sforzesco velmi popul\u00e1rn\u00ed v\u00e1no\u010dn\u00ed jarmark. Naz\u00fdv\u00e1 se \u2018Oh bej! Oh bej!\u2019 a nab\u00edz\u00ed tradi\u010dn\u00ed j\u00eddlo, v\u00e1no\u010dn\u00ed ozdoby a suven\u00fdry.&nbsp;<\/span><\/p>\n<div id=\"attachment_2576\" style=\"width: 1034px\" class=\"wp-caption alignnone\"><img aria-describedby=\"caption-attachment-2576\" decoding=\"async\" class=\"wp-image-2576 size-full\" src=\"https:\/\/getbybus.com\/cs\/blog\/wp-content\/uploads\/2020\/01\/Milan-Galleria-Vittorio-Emanuele-II-108431145.jpg\" alt=\"\" width=\"1024\" height=\"649\" srcset=\"https:\/\/d2bgjx2gb489de.cloudfront.net\/gbb-blogs\/wp-content\/uploads\/2020\/01\/20154935\/Milan-Galleria-Vittorio-Emanuele-II-108431145.jpg 1024w, https:\/\/d2bgjx2gb489de.cloudfront.net\/gbb-blogs\/wp-content\/uploads\/2020\/01\/20154935\/Milan-Galleria-Vittorio-Emanuele-II-108431145-300x190.jpg 300w, https:\/\/d2bgjx2gb489de.cloudfront.net\/gbb-blogs\/wp-content\/uploads\/2020\/01\/20154935\/Milan-Galleria-Vittorio-Emanuele-II-108431145-768x487.jpg 768w\" sizes=\"(max-width: 1024px) 100vw, 1024px\" \/><p id=\"caption-attachment-2576\" class=\"wp-caption-text\">Galerie Viktora Emanuela II v Mil\u00e1n\u011b, It\u00e1lie<\/p><\/div>\n<p style=\"text-align: justify;\"><span style=\"color: #ff0000;\"><b>Den 2<\/b><\/span><\/p>\n<p style=\"text-align: justify;\"><span style=\"font-weight: 400;\">B\u011bhem druh\u00e9ho dne si m\u016f\u017eete prohl\u00e9dnout <\/span><b>baziliku svat\u00e9ho Ambro\u017ee. <\/b><span style=\"font-weight: 400;\">Je jedn\u00edm z nejstar\u0161\u00edch chr\u00e1m\u016f v Mil\u00e1n\u011b a pokud budete m\u00edt \u0161t\u011bst\u00ed a budete tu v ned\u011bli, m\u016f\u017eete se z\u00fa\u010dastnit m\u0161e svat\u00e9 v latin\u011b podle ambrosi\u00e1nsk\u00e9ho ritu.&nbsp;<\/span><\/p>\n<p style=\"text-align: justify;\"><span style=\"font-weight: 400;\">Pro milovn\u00edky p\u0159\u00edrodn\u00edch v\u011bd je ide\u00e1ln\u00edm m\u00edstem <\/span><b>Museo della Scienza e della Tecnologia Leonardo da Vinci<\/b><span style=\"font-weight: 400;\">, kter\u00e9 nav\u00edc le\u017e\u00ed i v bl\u00edzkosti baziliky svat\u00e9ho Ambro\u017ee. Muzeum bylo zalo\u017eeno v roce 1973 a je v\u011bnov\u00e1no tomuto italsk\u00e9mu g\u00e9niu, je jedn\u00edm z nejv\u011bt\u0161\u00edch muze\u00ed tohoto typu v Evrop\u011b. Vstupn\u00e9 do muzea \u010din\u00ed 10,00 \u20ac. Jeliko\u017e je zde v\u017edy fronta, doporu\u010dujeme objednat si vstupenky p\u0159edem <\/span><a href=\"https:\/\/museoscienza.vivaticket.com\/must\/opentickets.html\"><span style=\"font-weight: 400;\">online<\/span><\/a><span style=\"font-weight: 400;\">.<\/span><\/p>\n<p style=\"text-align: justify;\"><span style=\"font-weight: 400;\">M\u016f\u017eete pokra\u010dovat v podobn\u00e9m stylu a nav\u0161t\u00edvit kostel <\/span><b>Santa Maria delle Grazie, <\/b><span style=\"font-weight: 400;\">pam\u00e1tku zapsanou na seznam sv\u011btov\u00e9ho kulturn\u00edho d\u011bdictv\u00ed UNESCO. Sedm kapl\u00ed po stran\u00e1ch tohoto kostela v minulosti slou\u017eilo jako poh\u0159ebn\u00ed m\u00edsta pro nejvlivn\u011bj\u0161\u00ed rodiny v Mil\u00e1n\u011b a jako takov\u00e9 stoj\u00ed za vid\u011bn\u00ed. Vlevo od hlavn\u00edho vstupu, mimo samotn\u00fd chr\u00e1m, se v refekt\u00e1\u0159i nach\u00e1z\u00ed <\/span><b>freska Leonarda Posledn\u00ed ve\u010de\u0159e. <\/b><span style=\"font-weight: 400;\">Je v n\u00e1rodn\u00edm muzeu, kter\u00e9 nen\u00e1le\u017e\u00ed ke kostelu. Vstupenky je t\u0159eba <\/span><a href=\"https:\/\/www.milan-museum.com\/booking-tickets.php\"><span style=\"font-weight: 400;\">rezervovat p\u0159edem online<\/span><\/a><span style=\"font-weight: 400;\">, proto\u017ee tu b\u00fdvaj\u00ed velik\u00e9 davy turist\u016f \u010dekaj\u00edc\u00ed ve front\u011b.&nbsp;<\/span><\/p>\n<p style=\"text-align: justify;\"><b>Chiesa di San Maurizio al Monastero Maggiore<\/b><span style=\"font-weight: 400;\"> by tak\u00e9 mohl b\u00fdt na va\u0161em seznamu. \u010casto je naz\u00fdv\u00e1n mil\u00e1nskou \u2018Sixtinskou kapl\u00ed\u2019, jeliko\u017e je domovem mnoha v\u00fdznamn\u00fdch fresek z obdob\u00ed italsk\u00e9 renesance. Neplat\u00ed se sem vstupn\u00e9 a kostel je otev\u0159en ve\u0159ejnosti od \u00fater\u00fd do soboty.&nbsp;<\/span><\/p>\n<p style=\"text-align: justify;\"><span style=\"font-weight: 400;\">Naviglio je n\u00e1zev vztahuj\u00edc\u00ed se na syst\u00e9m kan\u00e1l\u016f prot\u00ednaj\u00edc\u00ed cel\u00fd Mil\u00e1n. <\/span><b>\u010ctvr\u0165 Naviglio<\/b><span style=\"font-weight: 400;\"> byla postavena ve 12. Stolet\u00ed, aby propojila Mil\u00e1n s jezery Como, Maggiore a m\u011bstem Pavi\u00ed. V sou\u010dasn\u00e9 dob\u011b jsou otev\u0159eny pouze dva kan\u00e1ly. Je to romantick\u00e1 \u010dtvr\u0165 pln\u00e1 restaurac\u00ed, bar\u016f a um\u011bleck\u00fdch galeri\u00ed. Tak\u00e9 zde najdete \u010detn\u00e9 p\u0159ipom\u00ednky na dlouhou historii m\u011bsta, je zde dochov\u00e1na cel\u00e1 \u0159ada typick\u00fdch mil\u00e1nsk\u00fdch m\u011b\u0161\u0165ansk\u00fdch dom\u016f zvan\u00fdch \u2018case di ringhiera\u2019.<\/span><\/p>\n\n\n<div class=\"gyg-iframe-container\" style=\"margin-bottom:1.5em\" class=\"wp-block-cgb-block-gyg-wp-plugin\"><iframe style=\"border:0;height:100%;width:100%\" title=\"GetYourGuide activites widget\" src=\"https:\/\/widget.getyourguide.com\/default\/activites.frame?widget=activites&amp;currency=CSK&amp;locale_code=en-GB&amp;number_of_items=3&amp;partner_id=C05MW27&amp;q=Milan\"><\/iframe><\/div>\n\n\n<p style=\"text-align: justify;\"><span style=\"font-weight: 400;\">Den m\u016f\u017eete zakon\u010dit v p\u0159\u00edjemn\u00e9 atmosf\u00e9\u0159e n\u00e1v\u0161t\u011bvou <\/span><b>Lab Milano Cocktail Baru<\/b><span style=\"font-weight: 400;\"> pobl\u00ed\u017e Piazza Cinque Giornate, <\/span><b>Armani Bamboo Baru<\/b><span style=\"font-weight: 400;\"> uvnit\u0159 Hotelu Armani Milano, kter\u00fd nab\u00edz\u00ed vynikaj\u00edc\u00ed aperitivy a n\u00e1dhern\u00fd v\u00fdhled na cel\u00e9 m\u011bsto nebo proslul\u00e9ho tiki baru <\/span><b>Nottingham Forest <\/b><span style=\"font-weight: 400;\">vyzdoben\u00e9ho africk\u00fdmi a asijsk\u00fdmi motivy. Nejpopul\u00e1rn\u011bj\u0161\u00ed mezi turisty je ale bar <\/span><b>Backdoor 43<\/b><span style=\"font-weight: 400;\">. Vstup je lemov\u00e1n lahvemi a \u0161ejkry a na dve\u0159\u00edch je cedule s n\u00e1pisem \u2018STOP! Nejmen\u0161\u00ed bar na sv\u011bt\u011b!\u2019 Po lev\u00e9 stran\u011b najdete barmana v masce s p\u00edsmenem V jako vendetta, kter\u00fd v\u00e1m bu\u010f p\u0159ed\u00e1 kl\u00ed\u010d (objedn\u00e1n\u00ed p\u0159edem je nutn\u00e9) od dve\u0159\u00ed nebo od v\u00e1s p\u0159evezme objedn\u00e1vku. Nicm\u00e9n\u011b, mus\u00edte se \u0159\u00eddit pravidly napsan\u00fdmi nad jeho hlavou: \u20184\u2019 je objedn\u00e1vka sebou, pouze jeden koktejl, \u017e\u00e1dn\u00e9 ot\u00e1zky a mus\u00edte odej\u00edt, jakmile dostanete svou objedn\u00e1vku a nesm\u00edte se pokou\u0161et otev\u0159\u00edt zam\u010den\u00e9 dve\u0159e. Pravidlo \u20183\u2019 se vztahuje na ty, kte\u0159\u00ed z\u00edskaj\u00ed kl\u00ed\u010d a mohou vej\u00edt do mal\u00e9 m\u00edstnosti, kde si mohou vyp\u00edt drink v baru sami s barmanem pouze k jejich slu\u017eb\u00e1m.&nbsp;<\/span><\/p>\n<p style=\"text-align: justify;\"><b>POZN\u00c1MKA:<\/b><span style=\"font-weight: 400;\"> V\u011bt\u0161ina bar\u016f v Mil\u00e1n\u011b nab\u00edz\u00ed ka\u017ed\u00fd den od 18:00 do 21:00 aperitivy s ob\u010derstven\u00edm zahrnut\u00fdm v cen\u011b v\u0161ech drink\u016f. Nicm\u00e9n\u011b, b\u011bhem t\u00e9to doby se ceny b\u011b\u017en\u00fdch n\u00e1poj\u016f, nap\u0159\u00edklad d\u017eus\u016f nebo piva, mohou bl\u00ed\u017eit cen\u00e1m koktejl\u016f. Rovn\u011b\u017e se plat\u00ed za m\u00edsta k sezen\u00ed u stolu.&nbsp;<\/span><\/p>\n<div id=\"attachment_2575\" style=\"width: 1034px\" class=\"wp-caption alignnone\"><img aria-describedby=\"caption-attachment-2575\" decoding=\"async\" class=\"size-full wp-image-2575\" src=\"https:\/\/getbybus.com\/cs\/blog\/wp-content\/uploads\/2020\/01\/Grande_canal_XXL.jpg\" alt=\"\" width=\"1024\" height=\"683\" srcset=\"https:\/\/d2bgjx2gb489de.cloudfront.net\/gbb-blogs\/wp-content\/uploads\/2020\/01\/20154932\/Grande_canal_XXL.jpg 1024w, https:\/\/d2bgjx2gb489de.cloudfront.net\/gbb-blogs\/wp-content\/uploads\/2020\/01\/20154932\/Grande_canal_XXL-300x200.jpg 300w, https:\/\/d2bgjx2gb489de.cloudfront.net\/gbb-blogs\/wp-content\/uploads\/2020\/01\/20154932\/Grande_canal_XXL-768x512.jpg 768w\" sizes=\"(max-width: 1024px) 100vw, 1024px\" \/><p id=\"caption-attachment-2575\" class=\"wp-caption-text\">Kan\u00e1l Naviglio Grande ve ve\u010dern\u00edch hodin\u00e1ch, Mil\u00e1n, It\u00e1lie<\/p><\/div>\n<p style=\"text-align: justify;\"><span style=\"color: #ff0000;\"><b>Den 3<\/b><\/span><\/p>\n<p style=\"text-align: justify;\"><span style=\"font-weight: 400;\">Nejv\u011bt\u0161\u00ed turistickou atrakc\u00ed hned po katedr\u00e1le Duomo je <\/span><b>Monument\u00e1ln\u00ed h\u0159bitov<\/b><span style=\"font-weight: 400;\">, tak\u00e9 p\u0159ez\u00fdvan\u00fd muzeem po \u0161ir\u00fdm nebem. Najdete zde hrobky v\u011bt\u0161iny v\u00fdzna\u010dn\u00fdch p\u0159\u00edslu\u0161n\u00edk\u016f mil\u00e1nsk\u00e9 elity, nap\u0159\u00edklad Pietro Cascella, Arturo Martini a dal\u0161\u00edch. Prohl\u00eddky h\u0159bitova s pr\u016fvodcem jsou zdarma, ale je t\u0159eba se objednat p\u0159edem. B\u011bhem posledn\u00edho dne ve m\u011bst\u011b m\u016f\u017eete j\u00edt tak\u00e9 nakupovat, vzhledem k tomu, \u017ee jste v evropsk\u00e9m hlavn\u00edm m\u011bst\u011b m\u00f3dy, zami\u0159te do <\/span><b>M\u00f3dn\u00ed \u010dtvrti<\/b><span style=\"font-weight: 400;\"> v centru m\u011bsta, je pln\u00e1 exkluzivn\u00edch obchod\u016f zna\u010dek&nbsp; Versace, Dolce &amp; Gabbana, Chanel a dal\u0161\u00edch, ale pro ty, kte\u0159\u00ed se nemohou dovolit takov\u00fd luxus, jsou zde i levn\u011bj\u0161\u00ed obchody.&nbsp;<\/span><\/p>\n<p style=\"text-align: justify;\"><span style=\"font-weight: 400;\">Pot\u00e9, co jste si nakoupili, si m\u016f\u017eete odpo\u010dinout v <\/span><b>Giardini Pubblici Indro Montanelli<\/b><span style=\"font-weight: 400;\">, obl\u00edben\u00e9m m\u00edst\u011b Mil\u00e1\u0148an\u016f k odpo\u010dinku, rekrea\u010dn\u00edmu b\u011bhu a posed\u00e1v\u00e1n\u00ed na slun\u00ed\u010dku. V zahrad\u00e1ch se tak\u00e9 nach\u00e1zej\u00ed nejv\u011bt\u0161\u00ed planet\u00e1rium v It\u00e1lii <\/span><b>Planetario Ulrico Hoepli<\/b><span style=\"font-weight: 400;\"> a <\/span><b>M\u011bstsk\u00e9 muzeum historie n\u00e1rodn\u00edho um\u011bn\u00ed. <\/b><span style=\"font-weight: 400;\">Ka\u017ed\u00fd p\u00e1tek je vstup do muzea zdarma. Dostanete se sem linkou metra M1, kdy\u017e vystoup\u00edte na stanici Palestro.&nbsp;<\/span><\/p>\n<p style=\"text-align: justify;\"><span style=\"font-weight: 400;\">Jako jeden z posledn\u00edch z\u00e1\u017eitk\u016f v Mil\u00e1n\u011b (alespo\u0148 b\u011bhem tohoto pobytu!) si zamluvte <\/span><b>ve\u010de\u0159i v historick\u00e9 tramvaji. <\/b><span style=\"font-weight: 400;\">Tmav\u011b zelen\u00e9 tramvaje ze sedmdes\u00e1t\u00fdch let jsou jedn\u00edm ze symbol\u016f m\u011bsta, proto se proje\u010fte tramvaj\u00ed \u010d\u00edslo 1 a prohl\u00e9dn\u011bte si kr\u00e1sy historick\u00e9ho centra. A nezapome\u0148te si zamluvit proj\u00ed\u017e\u010fku tramvaj\u00ed <\/span><a href=\"https:\/\/atmosfera.atm.it\/\"><span style=\"font-weight: 400;\">ATMosfera<\/span><\/a><span style=\"font-weight: 400;\">, b\u011bhem j\u00edzdy se serv\u00edruje ve\u010de\u0159e a v\u00edno.&nbsp;<\/span><\/p>\n<p style=\"text-align: justify;\"><span style=\"font-weight: 400;\">V p\u0159\u00edpad\u011b, \u017ee si p\u0159ejete str\u00e1vit posledn\u00ed ve\u010der v Mil\u00e1n\u011b na tane\u010dn\u00edm parketu, zajd\u011bte si do jednoho z \u00fa\u017easn\u00fdch no\u010dn\u00edch klub\u016f ve m\u011bst\u011b, nap\u0159\u00edklad do luxusn\u011b vybaven\u00e9ho <\/span><b>Cavalli Clubu<\/b><span style=\"font-weight: 400;\">, punk-rockov\u00e9ho <\/span><b>Alcatrazu, Riad Yacout<\/b><span style=\"font-weight: 400;\"> je pro<\/span> <span style=\"font-weight: 400;\">milovn\u00edky Orientu, <\/span><b>Armani Prive<\/b><span style=\"font-weight: 400;\">, a\u010d zn\u00ed velmi draze je jedn\u00edm z nejnav\u0161t\u011bvovan\u011bj\u0161\u00edch klub\u016f ve m\u011bst\u011b a m\u016f\u017eete se zeptat i m\u00edstn\u00edch, aby v\u00e1m poradili n\u011bjak\u00fd klub.&nbsp;<\/span><\/p>\n<p style=\"text-align: justify;\"><span style=\"font-weight: 400;\">Pro ty z v\u00e1s, kte\u0159\u00ed se cht\u011bj\u00ed pod\u00edvat i do dal\u0161\u00edch m\u00edst v okol\u00ed, jsou zde n\u00e1sleduj\u00edc\u00ed spoje: <\/span><a href=\"https:\/\/getbybus.com\/cs\/autobus-milan-do-bologna\"><span style=\"font-weight: 400;\">Mil\u00e1n &#8211; Bologna<\/span><\/a><span style=\"font-weight: 400;\">, <\/span><a href=\"https:\/\/getbybus.com\/cs\/autobus-milan-do-florencie\"><span style=\"font-weight: 400;\">Mil\u00e1n &#8211; Florencie<\/span><\/a><span style=\"font-weight: 400;\">, <\/span><a href=\"https:\/\/getbybus.com\/cs\/autobus-milan-do-benatky-mestre\"><span style=\"font-weight: 400;\">Mil\u00e1n &#8211; Ben\u00e1tky (Mestre<\/span><\/a><span style=\"font-weight: 400;\">), <\/span><a href=\"https:\/\/getbybus.com\/cs\/autobus-milan-do-pisa\"><span style=\"font-weight: 400;\">Mil\u00e1n &#8211; Pisa<\/span><\/a><span style=\"font-weight: 400;\">, <\/span><a href=\"https:\/\/getbybus.com\/cs\/autobus-milan-do-parma\"><span style=\"font-weight: 400;\">Mil\u00e1n &#8211; Parma<\/span><\/a><span style=\"font-weight: 400;\"> a dal\u0161\u00ed.&nbsp;<\/span><\/p>\n<p style=\"text-align: justify;\"><span style=\"font-weight: 400;\">V p\u0159\u00edpad\u011b, \u017ee by v\u00e1s zaj\u00edmalo spojen\u00ed do Mil\u00e1na z dal\u0161\u00edch velk\u00fdch evropsk\u00fdch m\u011bst, pod\u00edvejte se na n\u00e1sleduj\u00edc\u00ed odkazy: <\/span><a href=\"https:\/\/getbybus.com\/cs\/autobus-pariz-do-milan\"><span style=\"font-weight: 400;\">Pa\u0159\u00ed\u017e &#8211; Mil\u00e1n<\/span><\/a><span style=\"font-weight: 400;\">, <\/span><a href=\"https:\/\/getbybus.com\/cs\/autobus-berlin-do-milan\"><span style=\"font-weight: 400;\">Berl\u00edn &#8211; Mil\u00e1n<\/span><\/a><span style=\"font-weight: 400;\">, <\/span><a href=\"https:\/\/getbybus.com\/cs\/autobus-zahreb-do-milan\"><span style=\"font-weight: 400;\">Z\u00e1h\u0159eb &#8211; Mil\u00e1n<\/span><\/a><span style=\"font-weight: 400;\">, <\/span><a href=\"https:\/\/getbybus.com\/cs\/autobus-curych-do-milan\"><span style=\"font-weight: 400;\">Curych &#8211; Mil\u00e1n<\/span><\/a><span style=\"font-weight: 400;\"> nebo si vyhledejte trasu na <\/span><a href=\"https:\/\/getbybus.com\/cs\/\"><span style=\"font-weight: 400;\">GetByBus.com<\/span><\/a><span style=\"font-weight: 400;\">.<\/span><\/p>","protected":false},"excerpt":{"rendered":"<p>Hlavn\u00ed m\u011bsto m\u00f3dy v It\u00e1lii je jedn\u00edm z nejnav\u0161t\u011bvovan\u011bj\u0161\u00edch m\u011bst v t\u00e9to zemi a existuje pro to hned n\u011bkolik dobr\u00fdch d\u016fvod\u016f. Kdy\u017e si p\u0159edstav\u00edte Mil\u00e1n, prvn\u00ed, co se v\u00e1m vybav\u00ed, jsou krom\u011b drah\u00fdch m\u00f3dn\u00edch zna\u010dek a vysoce elegantn\u00edch Ital\u016f, tak\u00e9 sv\u011btozn\u00e1m\u00e1 katedr\u00e1la Duomo, typick\u00e1 italsk\u00e1 pizza, hrad Castello Sforzesco, Galerie Viktora Emanuela II. a mnoho [&hellip;]<\/p>\n<p><a class=\"more-link btn btn-primary\" href=\"https:\/\/traveling.com\/cs\/blog\/prodlouzeny-vikend-v-milane\/\"> Continue reading&#8230;<\/a><\/p>\n","protected":false},"author":20,"featured_media":2577,"comment_status":"open","ping_status":"open","sticky":false,"template":"","format":"standard","meta":[],"categories":[22],"tags":[39],"yoast_head":"<!-- This site is optimized with the Yoast SEO plugin v19.8 - https:\/\/yoast.com\/wordpress\/plugins\/seo\/ -->\n<title>Prodlou\u017een\u00fd v\u00edkend v Mil\u00e1n\u011b, co lze vid\u011bt za 3 dny<\/title>\n<meta name=\"robots\" content=\"index, follow, max-snippet:-1, max-image-preview:large, max-video-preview:-1\" \/>\n<link rel=\"canonical\" href=\"https:\/\/traveling.com\/cs\/blog\/prodlouzeny-vikend-v-milane\/\" \/>\n<meta property=\"og:locale\" content=\"en_US\" \/>\n<meta property=\"og:type\" content=\"article\" \/>\n<meta property=\"og:title\" content=\"Prodlou\u017een\u00fd v\u00edkend v Mil\u00e1n\u011b, co lze vid\u011bt za 3 dny\" \/>\n<meta property=\"og:description\" content=\"Hlavn\u00ed m\u011bsto m\u00f3dy v It\u00e1lii je jedn\u00edm z nejnav\u0161t\u011bvovan\u011bj\u0161\u00edch m\u011bst v t\u00e9to zemi a existuje pro to hned n\u011bkolik dobr\u00fdch d\u016fvod\u016f. Kdy\u017e si p\u0159edstav\u00edte Mil\u00e1n, prvn\u00ed, co se v\u00e1m vybav\u00ed, jsou krom\u011b drah\u00fdch m\u00f3dn\u00edch zna\u010dek a vysoce elegantn\u00edch Ital\u016f, tak\u00e9 sv\u011btozn\u00e1m\u00e1 katedr\u00e1la Duomo, typick\u00e1 italsk\u00e1 pizza, hrad Castello Sforzesco, Galerie Viktora Emanuela II. a mnoho [&hellip;] Continue reading...\" \/>\n<meta property=\"og:url\" content=\"https:\/\/traveling.com\/cs\/blog\/prodlouzeny-vikend-v-milane\/\" \/>\n<meta property=\"og:site_name\" content=\"Traveling.com Blog\" \/>\n<meta property=\"article:published_time\" content=\"2020-01-20T22:00:59+00:00\" \/>\n<meta property=\"article:modified_time\" content=\"2025-02-12T14:09:02+00:00\" \/>\n<meta property=\"og:image\" content=\"https:\/\/d2bgjx2gb489de.cloudfront.net\/gbb-blogs\/wp-content\/uploads\/2020\/01\/20154936\/Milano_Piazza_Del_Duomo_XXL-870x400.jpg\" \/>\n\t<meta property=\"og:image:width\" content=\"870\" \/>\n\t<meta property=\"og:image:height\" content=\"400\" \/>\n\t<meta property=\"og:image:type\" content=\"image\/jpeg\" \/>\n<meta name=\"author\" content=\"Traveling.com Team\" \/>\n<meta name=\"twitter:card\" content=\"summary_large_image\" \/>\n<meta name=\"twitter:label1\" content=\"Written by\" \/>\n\t<meta name=\"twitter:data1\" content=\"Traveling.com Team\" \/>\n\t<meta name=\"twitter:label2\" content=\"Est. reading time\" \/>\n\t<meta name=\"twitter:data2\" content=\"9 minutes\" \/>\n<script type=\"application\/ld+json\" class=\"yoast-schema-graph\">{\"@context\":\"https:\/\/schema.org\",\"@graph\":[{\"@type\":\"WebPage\",\"@id\":\"https:\/\/traveling.com\/cs\/blog\/prodlouzeny-vikend-v-milane\/\",\"url\":\"https:\/\/traveling.com\/cs\/blog\/prodlouzeny-vikend-v-milane\/\",\"name\":\"Prodlou\u017een\u00fd v\u00edkend v Mil\u00e1n\u011b, co lze vid\u011bt za 3 dny\",\"isPartOf\":{\"@id\":\"https:\/\/traveling.com\/cs\/blog\/#website\"},\"datePublished\":\"2020-01-20T22:00:59+00:00\",\"dateModified\":\"2025-02-12T14:09:02+00:00\",\"author\":{\"@id\":\"https:\/\/traveling.com\/cs\/blog\/#\/schema\/person\/4960681e3690facd1dd274399ddb2585\"},\"breadcrumb\":{\"@id\":\"https:\/\/traveling.com\/cs\/blog\/prodlouzeny-vikend-v-milane\/#breadcrumb\"},\"inLanguage\":\"en-US\",\"potentialAction\":[{\"@type\":\"ReadAction\",\"target\":[\"https:\/\/traveling.com\/cs\/blog\/prodlouzeny-vikend-v-milane\/\"]}]},{\"@type\":\"BreadcrumbList\",\"@id\":\"https:\/\/traveling.com\/cs\/blog\/prodlouzeny-vikend-v-milane\/#breadcrumb\",\"itemListElement\":[{\"@type\":\"ListItem\",\"position\":1,\"name\":\"Home\",\"item\":\"https:\/\/traveling.com\/cs\/blog\/\"},{\"@type\":\"ListItem\",\"position\":2,\"name\":\"Prodlou\u017een\u00fd v\u00edkend v Mil\u00e1n\u011b\"}]},{\"@type\":\"WebSite\",\"@id\":\"https:\/\/traveling.com\/cs\/blog\/#website\",\"url\":\"https:\/\/traveling.com\/cs\/blog\/\",\"name\":\"Traveling.com Blog\",\"description\":\"Tv\u016fj Kompletn\u00ed Pr\u016fvodce Cestov\u00e1n\u00edm\",\"potentialAction\":[{\"@type\":\"SearchAction\",\"target\":{\"@type\":\"EntryPoint\",\"urlTemplate\":\"https:\/\/traveling.com\/cs\/blog\/?s={search_term_string}\"},\"query-input\":\"required name=search_term_string\"}],\"inLanguage\":\"en-US\"},{\"@type\":\"Person\",\"@id\":\"https:\/\/traveling.com\/cs\/blog\/#\/schema\/person\/4960681e3690facd1dd274399ddb2585\",\"name\":\"Traveling.com Team\",\"image\":{\"@type\":\"ImageObject\",\"inLanguage\":\"en-US\",\"@id\":\"https:\/\/traveling.com\/cs\/blog\/#\/schema\/person\/image\/\",\"url\":\"https:\/\/secure.gravatar.com\/avatar\/679ba274da52218e39a6c9e3e14ef4e6?s=96&d=mm&r=g\",\"contentUrl\":\"https:\/\/secure.gravatar.com\/avatar\/679ba274da52218e39a6c9e3e14ef4e6?s=96&d=mm&r=g\",\"caption\":\"Traveling.com Team\"},\"url\":\"https:\/\/traveling.com\/cs\/blog\/author\/getbybus-team\/\"}]}<\/script>\n<!-- \/ Yoast SEO plugin. -->","yoast_head_json":{"title":"Prodlou\u017een\u00fd v\u00edkend v Mil\u00e1n\u011b, co lze vid\u011bt za 3 dny","robots":{"index":"index","follow":"follow","max-snippet":"max-snippet:-1","max-image-preview":"max-image-preview:large","max-video-preview":"max-video-preview:-1"},"canonical":"https:\/\/traveling.com\/cs\/blog\/prodlouzeny-vikend-v-milane\/","og_locale":"en_US","og_type":"article","og_title":"Prodlou\u017een\u00fd v\u00edkend v Mil\u00e1n\u011b, co lze vid\u011bt za 3 dny","og_description":"Hlavn\u00ed m\u011bsto m\u00f3dy v It\u00e1lii je jedn\u00edm z nejnav\u0161t\u011bvovan\u011bj\u0161\u00edch m\u011bst v t\u00e9to zemi a existuje pro to hned n\u011bkolik dobr\u00fdch d\u016fvod\u016f. Kdy\u017e si p\u0159edstav\u00edte Mil\u00e1n, prvn\u00ed, co se v\u00e1m vybav\u00ed, jsou krom\u011b drah\u00fdch m\u00f3dn\u00edch zna\u010dek a vysoce elegantn\u00edch Ital\u016f, tak\u00e9 sv\u011btozn\u00e1m\u00e1 katedr\u00e1la Duomo, typick\u00e1 italsk\u00e1 pizza, hrad Castello Sforzesco, Galerie Viktora Emanuela II. a mnoho [&hellip;] Continue reading...","og_url":"https:\/\/traveling.com\/cs\/blog\/prodlouzeny-vikend-v-milane\/","og_site_name":"Traveling.com Blog","article_published_time":"2020-01-20T22:00:59+00:00","article_modified_time":"2025-02-12T14:09:02+00:00","og_image":[{"width":870,"height":400,"url":"https:\/\/d2bgjx2gb489de.cloudfront.net\/gbb-blogs\/wp-content\/uploads\/2020\/01\/20154936\/Milano_Piazza_Del_Duomo_XXL-870x400.jpg","type":"image\/jpeg"}],"author":"Traveling.com Team","twitter_card":"summary_large_image","twitter_misc":{"Written by":"Traveling.com Team","Est. reading time":"9 minutes"},"schema":{"@context":"https:\/\/schema.org","@graph":[{"@type":"WebPage","@id":"https:\/\/traveling.com\/cs\/blog\/prodlouzeny-vikend-v-milane\/","url":"https:\/\/traveling.com\/cs\/blog\/prodlouzeny-vikend-v-milane\/","name":"Prodlou\u017een\u00fd v\u00edkend v Mil\u00e1n\u011b, co lze vid\u011bt za 3 dny","isPartOf":{"@id":"https:\/\/traveling.com\/cs\/blog\/#website"},"datePublished":"2020-01-20T22:00:59+00:00","dateModified":"2025-02-12T14:09:02+00:00","author":{"@id":"https:\/\/traveling.com\/cs\/blog\/#\/schema\/person\/4960681e3690facd1dd274399ddb2585"},"breadcrumb":{"@id":"https:\/\/traveling.com\/cs\/blog\/prodlouzeny-vikend-v-milane\/#breadcrumb"},"inLanguage":"en-US","potentialAction":[{"@type":"ReadAction","target":["https:\/\/traveling.com\/cs\/blog\/prodlouzeny-vikend-v-milane\/"]}]},{"@type":"BreadcrumbList","@id":"https:\/\/traveling.com\/cs\/blog\/prodlouzeny-vikend-v-milane\/#breadcrumb","itemListElement":[{"@type":"ListItem","position":1,"name":"Home","item":"https:\/\/traveling.com\/cs\/blog\/"},{"@type":"ListItem","position":2,"name":"Prodlou\u017een\u00fd v\u00edkend v Mil\u00e1n\u011b"}]},{"@type":"WebSite","@id":"https:\/\/traveling.com\/cs\/blog\/#website","url":"https:\/\/traveling.com\/cs\/blog\/","name":"Traveling.com Blog","description":"Tv\u016fj Kompletn\u00ed Pr\u016fvodce Cestov\u00e1n\u00edm","potentialAction":[{"@type":"SearchAction","target":{"@type":"EntryPoint","urlTemplate":"https:\/\/traveling.com\/cs\/blog\/?s={search_term_string}"},"query-input":"required name=search_term_string"}],"inLanguage":"en-US"},{"@type":"Person","@id":"https:\/\/traveling.com\/cs\/blog\/#\/schema\/person\/4960681e3690facd1dd274399ddb2585","name":"Traveling.com Team","image":{"@type":"ImageObject","inLanguage":"en-US","@id":"https:\/\/traveling.com\/cs\/blog\/#\/schema\/person\/image\/","url":"https:\/\/secure.gravatar.com\/avatar\/679ba274da52218e39a6c9e3e14ef4e6?s=96&d=mm&r=g","contentUrl":"https:\/\/secure.gravatar.com\/avatar\/679ba274da52218e39a6c9e3e14ef4e6?s=96&d=mm&r=g","caption":"Traveling.com Team"},"url":"https:\/\/traveling.com\/cs\/blog\/author\/getbybus-team\/"}]}},"_links":{"self":[{"href":"https:\/\/traveling.com\/cs\/blog\/wp-json\/wp\/v2\/posts\/2574"}],"collection":[{"href":"https:\/\/traveling.com\/cs\/blog\/wp-json\/wp\/v2\/posts"}],"about":[{"href":"https:\/\/traveling.com\/cs\/blog\/wp-json\/wp\/v2\/types\/post"}],"author":[{"embeddable":true,"href":"https:\/\/traveling.com\/cs\/blog\/wp-json\/wp\/v2\/users\/20"}],"replies":[{"embeddable":true,"href":"https:\/\/traveling.com\/cs\/blog\/wp-json\/wp\/v2\/comments?post=2574"}],"version-history":[{"count":2,"href":"https:\/\/traveling.com\/cs\/blog\/wp-json\/wp\/v2\/posts\/2574\/revisions"}],"predecessor-version":[{"id":2583,"href":"https:\/\/traveling.com\/cs\/blog\/wp-json\/wp\/v2\/posts\/2574\/revisions\/2583"}],"wp:featuredmedia":[{"embeddable":true,"href":"https:\/\/traveling.com\/cs\/blog\/wp-json\/wp\/v2\/media\/2577"}],"wp:attachment":[{"href":"https:\/\/traveling.com\/cs\/blog\/wp-json\/wp\/v2\/media?parent=2574"}],"wp:term":[{"taxonomy":"category","embeddable":true,"href":"https:\/\/traveling.com\/cs\/blog\/wp-json\/wp\/v2\/categories?post=2574"},{"taxonomy":"post_tag","embeddable":true,"href":"https:\/\/traveling.com\/cs\/blog\/wp-json\/wp\/v2\/tags?post=2574"}],"curies":[{"name":"wp","href":"https:\/\/api.w.org\/{rel}","templated":true}]}}