{"id":522,"date":"2017-02-28T09:00:48","date_gmt":"2017-02-28T09:00:48","guid":{"rendered":"https:\/\/getbybus.com\/it\/blog\/?p=522"},"modified":"2025-03-24T15:25:04","modified_gmt":"2025-03-24T15:25:04","slug":"il-parco-nazionale-lovcen","status":"publish","type":"post","link":"https:\/\/traveling.com\/it\/blog\/il-parco-nazionale-lovcen\/","title":{"rendered":"Il parco nazionale Lovcen"},"content":{"rendered":"<p style=\"text-align: justify;\">Avete scelto il Montenegro come la vostra prossima destinazione, ma ancora non avete deciso cosa visitare? Se avete qualche giorno in pi\u00f9, cercate di includere questa gemma di natura nel vostro tour.<\/p>\n<p style=\"text-align: justify;\"><b>Il parco nazionale Lovcen copre la parte centrale e quella pi\u00f9 alta del monte Lovcen con la superficie di 62,2 chilometri quadrati<\/b>. Fondato nel 1952, Lovcen ha un ricco patrimonio storico, culturale e architettonico protetto dal parco nazionale. L\u2019area contiene numerosi elementi di costruzione nazionale, come le vecchie case e il villaggio Guvna. Le casette, insediamenti estivi di allevatori di bestiame sono anche tipici di questa parte del paese.<\/p>\n<p style=\"text-align: justify;\">La <b>tassa di amissione al parco nazionale \u00e8 2 \u20ac<\/b> (bambini 0 &#8211; 7 anni &#8211; gratuito)<\/p>\n<p style=\"text-align: justify;\">I visitatori del parco hanno il Centro d\u2019informazioni a loro disposizione. Il centro offre un servizio guida, a disposizione a tutti i gruppi organizzati, ma anche ai turisti. I turisti possono prendere anche mappe di parco con segnalate passeggiate e escursioni insieme agli altri materiali pubblicitari sul parco.<\/p>\n<p style=\"text-align: justify;\"><b>Cosa fare al parco nazionale?<\/b><\/p>\n<p style=\"text-align: justify;\"><span style=\"color: #ff6600;\"><b>La visita al mausoleo Njegos<\/b><\/span><\/p>\n<p style=\"text-align: justify;\">Il monumento pi\u00f9 grande e pi\u00f9 importante del parco nazionale Lovcen \u00e8 mausoleo di Petar Petrovic Njegos (poeta e filosofo famoso). Il magnifico mausoleo si trova in cima alla sua seconda vetta pi\u00f9 alta, Jezerski Vrh (1657 m). Per raggiungerla ci vuole un po\u2019 di sforzo perch\u00e9 bisogna salire <b>461 gradini fino all\u2019entrata <\/b>dove due giganti di granito guardano la tomba del pi\u00f9 grande scrittore del Montenegro. Non perdete di visitare questa attrazione dato che vi offre <b>una vista panoramica splendida sul Montenegro<\/b>.<\/p>\n<p style=\"text-align: justify;\"><b>NOTA: <\/b><\/p>\n<ul style=\"text-align: justify;\">\n<li><strong>La tassa d\u2019amissione al mausoleo \u00e8 3\u20ac<\/strong>\u00a0(2.5\u20ac per bambini).<\/li>\n<li>Se vi scordate di portare qualcosa da mangiare, c\u2019\u00e8 un ristorante in fondo alle scale del mausoleo.<\/li>\n<\/ul>\n<p style=\"text-align: justify;\"><img decoding=\"async\" class=\"size-large wp-image-523 aligncenter\" src=\"https:\/\/Traveling.com\/it\/blog\/wp-content\/uploads\/2017\/02\/mausoleo_Njegos-1024x681.jpg\" alt=\"\" width=\"740\" height=\"492\" srcset=\"https:\/\/d2bgjx2gb489de.cloudfront.net\/gbb-blogs\/wp-content\/uploads\/2017\/02\/27161715\/mausoleo_Njegos.jpg 1024w, https:\/\/d2bgjx2gb489de.cloudfront.net\/gbb-blogs\/wp-content\/uploads\/2017\/02\/27161715\/mausoleo_Njegos-300x200.jpg 300w, https:\/\/d2bgjx2gb489de.cloudfront.net\/gbb-blogs\/wp-content\/uploads\/2017\/02\/27161715\/mausoleo_Njegos-768x511.jpg 768w\" sizes=\"(max-width: 740px) 100vw, 740px\" \/><\/p>\n<p style=\"text-align: justify;\"><span style=\"color: #ff6600;\"><b>Escursioni:<\/b><\/span> Escursionisti ed alpinisti possono godere ed esplorare sentieri ben segnalati nel parco nazionale. Qui ce ne sono alcuni tra cui potete scegliere:<\/p>\n<ul style=\"text-align: justify;\">\n<li><b>Palac \u2013 Trestenik \u2013 Sancevi \u2013 Kolozun \u2013 Vjetreni Mlin \u2013 Dolovi \u2013 Palac<\/b> \u2013 lunghezza: 12,7 km<\/li>\n<li><b>Ivanova korita \u2013 Jezero \u2013 Bukovica<\/b> \u2013 lunghezza: 12 km<\/li>\n<li><b>Ivanova korita \u2013 Majstori<\/b> \u2013 lunghezza: \u00a04,5 km<\/li>\n<\/ul>\n<p style=\"text-align: justify;\"><b>NOTA:<\/b> \u00c8 possibile prenotare una guida professionale per gruppi organizzati.<\/p>\n<div class=\"display-post-shortcode\">\n<div class=\"shortcode-post-item\">\n<p><a class=\"image\" href=\" https:\/\/Traveling.com\/it\/blog\/parco-nazionale-durmitor\/\"><img decoding=\"async\" class=\"attachment-thumbnail size-thumbnail wp-post-image\" src=\"https:\/\/d2bgjx2gb489de.cloudfront.net\/gbb-blogs\/wp-content\/uploads\/2016\/06\/03083956\/Durmitor-national-park-150x150.jpg\" sizes=\"(max-width: 150px) 100vw, 150px\" srcset=\"https:\/\/d2bgjx2gb489de.cloudfront.net\/gbb-blogs\/wp-content\/uploads\/2016\/06\/03083956\/Durmitor-national-park-150x150.jpg 150w, https:\/\/d2bgjx2gb489de.cloudfront.net\/gbb-blogs\/wp-content\/uploads\/2016\/06\/03083956\/Durmitor-national-park-60x60.jpg 60w\" alt=\"Durmitor national park\" width=\"150\" height=\"150\" \/><\/a><\/p>\n<div class=\"display-post-meta\">\n<p class=\"display-post-title\">Also read<\/p>\n<p style=\"text-align: justify;\"><b><span style=\"color: #ff6600;\">Parco avventura:<\/span><\/b> Il parco avventura \u00e8 un parco in cui i partecipanti devono seguire un sentiero tra gli alberi da 1,5 m a 15 m di altezza. Il parco si trova a Ivanova Korita, vicino al bungalow del parco. Contiene <b>10 piste<\/b>, di cui 3 sono nuove e offrono la possibilit\u00e0 di fare <b>lo sport e le attivit\u00e0 di adrenalina estreme<\/b>.<\/p>\n<ul style=\"text-align: justify;\">\n<li>Ogni percorso ha circa 15 \u2018giochi\u2019 diversi che sono posizionati su diverse altezze e sono adattate all\u2019et\u00e0 (5 &#8211; 70 anni).<\/li>\n<li>Ogni utente del parco ottiene l\u2019attrezzatura necessaria (cintura, casco, guanti) e ha a sua disposizione un team di istruttori professionalmente qualificati che gli spiegher\u00e0 ogni \u2018gioco\u2019.<\/li>\n<\/ul>\n<p style=\"text-align: justify;\"><span style=\"color: #ff6600;\"><b>Manifestazioni sportive:<\/b> <\/span>Se per caso visitate il parco durante i mesi elencati in basso, assicuratevi di partecipare a queste manifestazioni:<\/p>\n<ul style=\"text-align: justify;\">\n<li>aprile e settembre &#8211; Incontro dei montenegrini<\/li>\n<li>il 13 luglio (giorno nazionale del Montenegro) &#8211; Gara automobilistica di velocit\u00e0 sulla collina<\/li>\n<\/ul>\n<p style=\"text-align: justify;\"><img decoding=\"async\" class=\"size-large wp-image-525 aligncenter\" src=\"https:\/\/Traveling.com\/it\/blog\/wp-content\/uploads\/2017\/02\/Wodden-Lodges-1-1024x678.jpg\" alt=\"\" width=\"740\" height=\"490\" srcset=\"https:\/\/d2bgjx2gb489de.cloudfront.net\/gbb-blogs\/wp-content\/uploads\/2017\/02\/27161718\/Wodden-Lodges-1.jpg 1024w, https:\/\/d2bgjx2gb489de.cloudfront.net\/gbb-blogs\/wp-content\/uploads\/2017\/02\/27161718\/Wodden-Lodges-1-300x199.jpg 300w, https:\/\/d2bgjx2gb489de.cloudfront.net\/gbb-blogs\/wp-content\/uploads\/2017\/02\/27161718\/Wodden-Lodges-1-768x509.jpg 768w\" sizes=\"(max-width: 740px) 100vw, 740px\" \/><\/p>\n<p style=\"text-align: justify;\"><b>Come raggiungere il Parco nazionale Lovcen?<\/b><\/p>\n<p style=\"text-align: justify;\">Il parco nazionale si trova a <b>sud-ovest del Montenegro, nell\u2019entroterra della provincia di Kotor<\/b>. La maggior parte del parco \u00e8 raggiungibile in macchina, ma il modo pi\u00f9 sicuro per arrivarci \u00e8 quello di prendere via Lov\u0107enska a partire da Cettigne. Alla fine della strada si viene all\u2019ingresso dove si possono acquistare i biglietti per il parco nazionale Lovcen (3 \u20ac).<\/p>\n<p style=\"text-align: justify;\"><b>In macchina:<\/b><\/p>\n<ul style=\"text-align: justify;\">\n<li>Se venite dalla direzione di Ivanova Korita, prendete la rotta attraverso il passo Krstac, sulla strada Kotor &#8211; Njegusi &#8211; Cettigne.<\/li>\n<li>Da Cettigne girate verso la via Lovcenska che vi porter\u00e0 al parco nazionale.<\/li>\n<\/ul>\n<p style=\"text-align: justify;\"><b>NOTA: <\/b>Tenetevi in mente che la strada che vi porta fino al Mausoleo \u00e8 un po\u2019 \u2018difficile\u2019, con un sacco di tornanti, quindi se non guidate bene, sarebbe meglio prendere un taxi verso la vetta! Bisogna anche sapere che l\u00ec c\u2019\u00e8 un parcheggio limitato alla vostra disposizione.<\/p>\n<p style=\"text-align: justify;\"><b>In bus:<\/b> Non ci sono linee di autobus dirette per il parco nazionale, c\u2019\u00e8 ne sono solo per Cettigne (che si trova in una piccola valle sotto la montagna di Lovcen), e una volta arrivati all\u2019autostazione di Cettigne troverete dei tassisti che vi guideranno verso l\u2019alto e vi aspetteranno per il prezzo di circa 20 \u20ac.<\/p>\n<p style=\"text-align: justify;\">\u00c8 possibile andare a Cettigne in bus da molte citt\u00e0 del Montenegro, vi presentiamo alcune delle rotte pi\u00f9 popolari:<\/p>\n<ul style=\"text-align: justify;\">\n<li>Dalla capitale <a href=\"https:\/\/Traveling.com\/it\/bus-podgorica-a-cettigne\">Podgorica a Cettigne<\/a> \u00a0&#8211; l\u2019autobus opera 9 volte al giorno e una sola andata costa circa 3 \u20ac.<\/li>\n<li><a href=\"https:\/\/Traveling.com\/it\/bus-budua-a-cettigne\">Da Budva a Cettigne<\/a>: un biglietto costa circa 3 \u20ac.<\/li>\n<li>Ulcinj &#8211; Cettigne: il viaggio dura circa 2h e 30min, a seconda della stagione, il bus opera 3 &#8211; 5 volte al giorno.<\/li>\n<li><a href=\"https:\/\/Traveling.com\/it\/bus-cattaro-a-cettigne\">Kotor &#8211; Cettigne<\/a>: la linea \u00e8 attiva 5 volte al giorno, un biglietto costa 5 \u20ac.<\/li>\n<\/ul>\n<p style=\"text-align: justify;\"><b>Alloggio<\/b><\/p>\n<p style=\"text-align: justify;\">Potete scegliere tra due alberghi nelle vicinanze del parco nazionale:<\/p>\n<ul style=\"text-align: justify;\">\n<li><i>Ivanov Konak (4*)<\/i> &#8211; parcheggio e Wi-Fi gratuiti, le stanze comprendono balcone, minibar e un bagno privato<\/li>\n<li><i>Monte Rosa (4*)<\/i> &#8211; parcheggio e Wi-Fi gratuiti, nollegio di bici e macchine<\/li>\n<\/ul>\n<p style=\"text-align: justify;\"><b>Ulteriori informazioni <\/b><\/p>\n<ul style=\"text-align: justify;\">\n<li><a href=\"http:\/\/nparkovi.me\/en\/pricelist-for-national-park-lovcen\/\">Consultate i prezzi<\/a> del parco nazionale<\/li>\n<\/ul>\n<p style=\"text-align: justify;\">Se vi interessa qualcosa in pi\u00f9, vi preghiamo di contattare l\u2019Amministrazione del parco via e-mail o telefono:<\/p>\n<ul>\n<li style=\"text-align: justify;\">e-mail: <a href=\"mailto:nplovcen@nparkovi.me\">nplovcen@nparkovi.me<\/a><\/li>\n<li style=\"text-align: justify;\">telefono: +382 69 34 46 78<\/li>\n<\/ul>\n<\/div>\n<\/div>\n<\/div>\n","protected":false},"excerpt":{"rendered":"<p>Avete scelto il Montenegro come la vostra prossima destinazione, ma ancora non avete deciso cosa visitare? Se avete qualche giorno in pi\u00f9, cercate di includere questa gemma di natura nel vostro tour. Il parco nazionale Lovcen copre la parte centrale e quella pi\u00f9 alta del monte Lovcen con la superficie di 62,2 chilometri quadrati. Fondato [&hellip;]<\/p>\n<p><a class=\"more-link btn btn-primary\" href=\"https:\/\/traveling.com\/it\/blog\/il-parco-nazionale-lovcen\/\"> Continua a leggere\u2026<\/a><\/p>\n","protected":false},"author":1,"featured_media":524,"comment_status":"open","ping_status":"open","sticky":false,"template":"","format":"standard","meta":[],"categories":[8,51],"tags":[71],"yoast_head":"<!-- This site is optimized with the Yoast SEO plugin v19.8 - https:\/\/yoast.com\/wordpress\/plugins\/seo\/ -->\n<title>Lovcen parco nazionale, informazioni per i visitatori<\/title>\n<meta name=\"robots\" content=\"index, follow, max-snippet:-1, max-image-preview:large, max-video-preview:-1\" \/>\n<link rel=\"canonical\" href=\"https:\/\/traveling.com\/it\/blog\/il-parco-nazionale-lovcen\/\" \/>\n<meta property=\"og:locale\" content=\"it_IT\" \/>\n<meta property=\"og:type\" content=\"article\" \/>\n<meta property=\"og:title\" content=\"Lovcen parco nazionale, informazioni per i visitatori\" \/>\n<meta property=\"og:description\" content=\"Avete scelto il Montenegro come la vostra prossima destinazione, ma ancora non avete deciso cosa visitare? Se avete qualche giorno in pi\u00f9, cercate di includere questa gemma di natura nel vostro tour. Il parco nazionale Lovcen copre la parte centrale e quella pi\u00f9 alta del monte Lovcen con la superficie di 62,2 chilometri quadrati. Fondato [&hellip;] Continua a leggere\u2026\" \/>\n<meta property=\"og:url\" content=\"https:\/\/traveling.com\/it\/blog\/il-parco-nazionale-lovcen\/\" \/>\n<meta property=\"og:site_name\" content=\"Traveling.com Blog\" \/>\n<meta property=\"article:published_time\" content=\"2017-02-28T09:00:48+00:00\" \/>\n<meta property=\"article:modified_time\" content=\"2025-03-24T15:25:04+00:00\" \/>\n<meta property=\"og:image\" content=\"https:\/\/d2bgjx2gb489de.cloudfront.net\/gbb-blogs\/wp-content\/uploads\/2017\/02\/27161716\/Montenegro.jpg\" \/>\n\t<meta property=\"og:image:width\" content=\"870\" \/>\n\t<meta property=\"og:image:height\" content=\"400\" \/>\n\t<meta property=\"og:image:type\" content=\"image\/jpeg\" \/>\n<meta name=\"author\" content=\"Team di Traveling.com\" \/>\n<meta name=\"twitter:card\" content=\"summary_large_image\" \/>\n<meta name=\"twitter:label1\" content=\"Written by\" \/>\n\t<meta name=\"twitter:data1\" content=\"Team di Traveling.com\" \/>\n\t<meta name=\"twitter:label2\" content=\"Est. reading time\" \/>\n\t<meta name=\"twitter:data2\" content=\"4 minutes\" \/>\n<script type=\"application\/ld+json\" class=\"yoast-schema-graph\">{\"@context\":\"https:\/\/schema.org\",\"@graph\":[{\"@type\":\"WebPage\",\"@id\":\"https:\/\/traveling.com\/it\/blog\/il-parco-nazionale-lovcen\/\",\"url\":\"https:\/\/traveling.com\/it\/blog\/il-parco-nazionale-lovcen\/\",\"name\":\"Lovcen parco nazionale, informazioni per i visitatori\",\"isPartOf\":{\"@id\":\"https:\/\/traveling.com\/it\/blog\/#website\"},\"datePublished\":\"2017-02-28T09:00:48+00:00\",\"dateModified\":\"2025-03-24T15:25:04+00:00\",\"author\":{\"@id\":\"https:\/\/traveling.com\/it\/blog\/#\/schema\/person\/44dde2c2d228e5a46b491e9724cbf9ca\"},\"breadcrumb\":{\"@id\":\"https:\/\/traveling.com\/it\/blog\/il-parco-nazionale-lovcen\/#breadcrumb\"},\"inLanguage\":\"it-IT\",\"potentialAction\":[{\"@type\":\"ReadAction\",\"target\":[\"https:\/\/traveling.com\/it\/blog\/il-parco-nazionale-lovcen\/\"]}]},{\"@type\":\"BreadcrumbList\",\"@id\":\"https:\/\/traveling.com\/it\/blog\/il-parco-nazionale-lovcen\/#breadcrumb\",\"itemListElement\":[{\"@type\":\"ListItem\",\"position\":1,\"name\":\"Home\",\"item\":\"https:\/\/traveling.com\/it\/blog\/\"},{\"@type\":\"ListItem\",\"position\":2,\"name\":\"Il parco nazionale Lovcen\"}]},{\"@type\":\"WebSite\",\"@id\":\"https:\/\/traveling.com\/it\/blog\/#website\",\"url\":\"https:\/\/traveling.com\/it\/blog\/\",\"name\":\"Traveling.com Blog\",\"description\":\"La Tua Guida di Viaggio Completa\",\"potentialAction\":[{\"@type\":\"SearchAction\",\"target\":{\"@type\":\"EntryPoint\",\"urlTemplate\":\"https:\/\/traveling.com\/it\/blog\/?s={search_term_string}\"},\"query-input\":\"required name=search_term_string\"}],\"inLanguage\":\"it-IT\"},{\"@type\":\"Person\",\"@id\":\"https:\/\/traveling.com\/it\/blog\/#\/schema\/person\/44dde2c2d228e5a46b491e9724cbf9ca\",\"name\":\"Team di Traveling.com\",\"image\":{\"@type\":\"ImageObject\",\"inLanguage\":\"it-IT\",\"@id\":\"https:\/\/traveling.com\/it\/blog\/#\/schema\/person\/image\/\",\"url\":\"https:\/\/secure.gravatar.com\/avatar\/beeb4b6a882bdadbf2dd422545c377bf?s=96&d=mm&r=g\",\"contentUrl\":\"https:\/\/secure.gravatar.com\/avatar\/beeb4b6a882bdadbf2dd422545c377bf?s=96&d=mm&r=g\",\"caption\":\"Team di Traveling.com\"},\"url\":\"https:\/\/traveling.com\/it\/blog\/author\/ante_9394kdn\/\"}]}<\/script>\n<!-- \/ Yoast SEO plugin. -->","yoast_head_json":{"title":"Lovcen parco nazionale, informazioni per i visitatori","robots":{"index":"index","follow":"follow","max-snippet":"max-snippet:-1","max-image-preview":"max-image-preview:large","max-video-preview":"max-video-preview:-1"},"canonical":"https:\/\/traveling.com\/it\/blog\/il-parco-nazionale-lovcen\/","og_locale":"it_IT","og_type":"article","og_title":"Lovcen parco nazionale, informazioni per i visitatori","og_description":"Avete scelto il Montenegro come la vostra prossima destinazione, ma ancora non avete deciso cosa visitare? Se avete qualche giorno in pi\u00f9, cercate di includere questa gemma di natura nel vostro tour. Il parco nazionale Lovcen copre la parte centrale e quella pi\u00f9 alta del monte Lovcen con la superficie di 62,2 chilometri quadrati. Fondato [&hellip;] Continua a leggere\u2026","og_url":"https:\/\/traveling.com\/it\/blog\/il-parco-nazionale-lovcen\/","og_site_name":"Traveling.com Blog","article_published_time":"2017-02-28T09:00:48+00:00","article_modified_time":"2025-03-24T15:25:04+00:00","og_image":[{"width":870,"height":400,"url":"https:\/\/d2bgjx2gb489de.cloudfront.net\/gbb-blogs\/wp-content\/uploads\/2017\/02\/27161716\/Montenegro.jpg","type":"image\/jpeg"}],"author":"Team di Traveling.com","twitter_card":"summary_large_image","twitter_misc":{"Written by":"Team di Traveling.com","Est. reading time":"4 minutes"},"schema":{"@context":"https:\/\/schema.org","@graph":[{"@type":"WebPage","@id":"https:\/\/traveling.com\/it\/blog\/il-parco-nazionale-lovcen\/","url":"https:\/\/traveling.com\/it\/blog\/il-parco-nazionale-lovcen\/","name":"Lovcen parco nazionale, informazioni per i visitatori","isPartOf":{"@id":"https:\/\/traveling.com\/it\/blog\/#website"},"datePublished":"2017-02-28T09:00:48+00:00","dateModified":"2025-03-24T15:25:04+00:00","author":{"@id":"https:\/\/traveling.com\/it\/blog\/#\/schema\/person\/44dde2c2d228e5a46b491e9724cbf9ca"},"breadcrumb":{"@id":"https:\/\/traveling.com\/it\/blog\/il-parco-nazionale-lovcen\/#breadcrumb"},"inLanguage":"it-IT","potentialAction":[{"@type":"ReadAction","target":["https:\/\/traveling.com\/it\/blog\/il-parco-nazionale-lovcen\/"]}]},{"@type":"BreadcrumbList","@id":"https:\/\/traveling.com\/it\/blog\/il-parco-nazionale-lovcen\/#breadcrumb","itemListElement":[{"@type":"ListItem","position":1,"name":"Home","item":"https:\/\/traveling.com\/it\/blog\/"},{"@type":"ListItem","position":2,"name":"Il parco nazionale Lovcen"}]},{"@type":"WebSite","@id":"https:\/\/traveling.com\/it\/blog\/#website","url":"https:\/\/traveling.com\/it\/blog\/","name":"Traveling.com Blog","description":"La Tua Guida di Viaggio Completa","potentialAction":[{"@type":"SearchAction","target":{"@type":"EntryPoint","urlTemplate":"https:\/\/traveling.com\/it\/blog\/?s={search_term_string}"},"query-input":"required name=search_term_string"}],"inLanguage":"it-IT"},{"@type":"Person","@id":"https:\/\/traveling.com\/it\/blog\/#\/schema\/person\/44dde2c2d228e5a46b491e9724cbf9ca","name":"Team di Traveling.com","image":{"@type":"ImageObject","inLanguage":"it-IT","@id":"https:\/\/traveling.com\/it\/blog\/#\/schema\/person\/image\/","url":"https:\/\/secure.gravatar.com\/avatar\/beeb4b6a882bdadbf2dd422545c377bf?s=96&d=mm&r=g","contentUrl":"https:\/\/secure.gravatar.com\/avatar\/beeb4b6a882bdadbf2dd422545c377bf?s=96&d=mm&r=g","caption":"Team di Traveling.com"},"url":"https:\/\/traveling.com\/it\/blog\/author\/ante_9394kdn\/"}]}},"_links":{"self":[{"href":"https:\/\/traveling.com\/it\/blog\/wp-json\/wp\/v2\/posts\/522"}],"collection":[{"href":"https:\/\/traveling.com\/it\/blog\/wp-json\/wp\/v2\/posts"}],"about":[{"href":"https:\/\/traveling.com\/it\/blog\/wp-json\/wp\/v2\/types\/post"}],"author":[{"embeddable":true,"href":"https:\/\/traveling.com\/it\/blog\/wp-json\/wp\/v2\/users\/1"}],"replies":[{"embeddable":true,"href":"https:\/\/traveling.com\/it\/blog\/wp-json\/wp\/v2\/comments?post=522"}],"version-history":[{"count":4,"href":"https:\/\/traveling.com\/it\/blog\/wp-json\/wp\/v2\/posts\/522\/revisions"}],"predecessor-version":[{"id":3255,"href":"https:\/\/traveling.com\/it\/blog\/wp-json\/wp\/v2\/posts\/522\/revisions\/3255"}],"wp:featuredmedia":[{"embeddable":true,"href":"https:\/\/traveling.com\/it\/blog\/wp-json\/wp\/v2\/media\/524"}],"wp:attachment":[{"href":"https:\/\/traveling.com\/it\/blog\/wp-json\/wp\/v2\/media?parent=522"}],"wp:term":[{"taxonomy":"category","embeddable":true,"href":"https:\/\/traveling.com\/it\/blog\/wp-json\/wp\/v2\/categories?post=522"},{"taxonomy":"post_tag","embeddable":true,"href":"https:\/\/traveling.com\/it\/blog\/wp-json\/wp\/v2\/tags?post=522"}],"curies":[{"name":"wp","href":"https:\/\/api.w.org\/{rel}","templated":true}]}}